{"id":1531,"date":"2019-11-28T22:16:23","date_gmt":"2019-11-28T20:16:23","guid":{"rendered":"http:\/\/www.nawostro.cz\/?p=1531"},"modified":"2019-11-28T22:26:53","modified_gmt":"2019-11-28T20:26:53","slug":"14-12-2019-predvanocni-countrybal-polepy-u-kolina","status":"publish","type":"post","link":"https:\/\/www.nawostro.cz\/?p=1531","title":{"rendered":"14. 12. 2019 &#8211; P\u0159edv\u00e1no\u010dn\u00ed Countryb\u00e1l &#8230;..od 20:00  &#8211; Polepy &#8211; Veberova restaurace"},"content":{"rendered":"<p>Leto\u0161n\u00ed posledn\u00ed akce, jsme r\u00e1di, \u017ee po lo\u0148sk\u00e9m ne\u00fasp\u011b\u0161n\u00e9m pokusu se n\u00e1m na podruh\u00e9 poda\u0159ilo akci v Polepech uspo\u0159\u00e1dat.<\/p>\n<p>Po mnoha velmi \u00fasp\u011b\u0161n\u00fdch Mikul\u00e1\u0161sk\u00fdch ve\u010d\u00edrc\u00edch jsme posledn\u00ed ve\u010d\u00edrek roku s na\u0161\u00ed kapelou p\u0159esunuli bl\u00ed\u017ee ke dni \u0161t\u011bdr\u00e9mu a proto se tedy letos na V\u00e1s t\u011b\u0161\u00edme na p\u0159edv\u00e1no\u010dn\u00edm country-b\u00e1lu v Polepech u Kol\u00edna.<\/p>\n<p><a href=\"http:\/\/www.nawostro.cz\/wp-content\/uploads\/2019\/11\/NAWOSTRO-Polepy-2020.jpg\"><br \/>\n<img loading=\"lazy\" class=\"aligncenter wp-image-1532\" src=\"http:\/\/www.nawostro.cz\/wp-content\/uploads\/2019\/11\/NAWOSTRO-Polepy-2020-1024x728.jpg\" alt=\"\" width=\"650\" height=\"462\" srcset=\"https:\/\/www.nawostro.cz\/wp-content\/uploads\/2019\/11\/NAWOSTRO-Polepy-2020-1024x728.jpg 1024w, https:\/\/www.nawostro.cz\/wp-content\/uploads\/2019\/11\/NAWOSTRO-Polepy-2020-300x213.jpg 300w, https:\/\/www.nawostro.cz\/wp-content\/uploads\/2019\/11\/NAWOSTRO-Polepy-2020-768x546.jpg 768w, https:\/\/www.nawostro.cz\/wp-content\/uploads\/2019\/11\/NAWOSTRO-Polepy-2020.jpg 1701w\" sizes=\"(max-width: 650px) 100vw, 650px\" \/><\/a><\/p>\n","protected":false},"excerpt":{"rendered":"<p>Leto\u0161n\u00ed posledn\u00ed akce, jsme r\u00e1di, \u017ee po lo\u0148sk\u00e9m ne\u00fasp\u011b\u0161n\u00e9m pokusu se n\u00e1m na podruh\u00e9 poda\u0159ilo akci v Polepech uspo\u0159\u00e1dat. Po mnoha velmi \u00fasp\u011b\u0161n\u00fdch Mikul\u00e1\u0161sk\u00fdch ve\u010d\u00edrc\u00edch jsme posledn\u00ed ve\u010d\u00edrek roku s na\u0161\u00ed kapelou p\u0159esunuli bl\u00ed\u017ee ke dni \u0161t\u011bdr\u00e9mu a proto se tedy letos na V\u00e1s t\u011b\u0161\u00edme na p\u0159edv\u00e1no\u010dn\u00edm country-b\u00e1lu v Polepech u Kol\u00edna.<\/p>\n","protected":false},"author":1,"featured_media":0,"comment_status":"open","ping_status":"open","sticky":false,"template":"","format":"standard","meta":{"ngg_post_thumbnail":0},"categories":[1],"tags":[],"_links":{"self":[{"href":"https:\/\/www.nawostro.cz\/index.php?rest_route=\/wp\/v2\/posts\/1531"}],"collection":[{"href":"https:\/\/www.nawostro.cz\/index.php?rest_route=\/wp\/v2\/posts"}],"about":[{"href":"https:\/\/www.nawostro.cz\/index.php?rest_route=\/wp\/v2\/types\/post"}],"author":[{"embeddable":true,"href":"https:\/\/www.nawostro.cz\/index.php?rest_route=\/wp\/v2\/users\/1"}],"replies":[{"embeddable":true,"href":"https:\/\/www.nawostro.cz\/index.php?rest_route=%2Fwp%2Fv2%2Fcomments&post=1531"}],"version-history":[{"count":12,"href":"https:\/\/www.nawostro.cz\/index.php?rest_route=\/wp\/v2\/posts\/1531\/revisions"}],"predecessor-version":[{"id":1544,"href":"https:\/\/www.nawostro.cz\/index.php?rest_route=\/wp\/v2\/posts\/1531\/revisions\/1544"}],"wp:attachment":[{"href":"https:\/\/www.nawostro.cz\/index.php?rest_route=%2Fwp%2Fv2%2Fmedia&parent=1531"}],"wp:term":[{"taxonomy":"category","embeddable":true,"href":"https:\/\/www.nawostro.cz\/index.php?rest_route=%2Fwp%2Fv2%2Fcategories&post=1531"},{"taxonomy":"post_tag","embeddable":true,"href":"https:\/\/www.nawostro.cz\/index.php?rest_route=%2Fwp%2Fv2%2Ftags&post=1531"}],"curies":[{"name":"wp","href":"https:\/\/api.w.org\/{rel}","templated":true}]}}